{"id":327,"date":"2015-06-01T13:57:00","date_gmt":"2015-06-01T13:57:00","guid":{"rendered":"https:\/\/as.edu.rs\/?p=327"},"modified":"2023-07-04T15:22:12","modified_gmt":"2023-07-04T15:22:12","slug":"2015-broj-1","status":"publish","type":"post","link":"https:\/\/as.edu.rs\/en\/2015-broj-1\/","title":{"rendered":"2015, No. 1"},"content":{"rendered":"<div class=\"wp-block-buttons has-custom-font-size has-small-font-size is-content-justification-left is-layout-flex wp-container-core-buttons-is-layout-fdcfc74e wp-block-buttons-is-layout-flex\" style=\"font-style:normal;font-weight:500\">\n<div class=\"wp-block-button is-style-fill\"><a class=\"wp-block-button__link has-cyan-bluish-gray-background-color has-background wp-element-button\" href=\"https:\/\/as.edu.rs\/wp-content\/uploads\/2023\/07\/AS_2015-1.pdf\" target=\"_blank\" rel=\"noreferrer noopener\">Download this issue<\/a><\/div>\n<\/div>\n\n\n\n<p><\/p>\n\n\n\n<p><br><strong>ARTICLES<\/strong><\/p>\n\n\n\n<p><a href=\"https:\/\/as.edu.rs\/wp-content\/uploads\/2023\/07\/AS_2015-1_01.pdf\" target=\"_blank\" rel=\"noreferrer noopener\"><strong>Borut Mikulec<\/strong>, Formation of Adult Education Policy from a European Perspective<\/a><\/p>\n\n\n\n<p><a href=\"https:\/\/as.edu.rs\/wp-content\/uploads\/2023\/07\/AS_2015-1_02.pdf\" target=\"_blank\" rel=\"noreferrer noopener\"><strong>Alan Tuckett, Katarina Popovi\u0107<\/strong>, \u2018\u0160to se vi\u0161e stvari menjaju, sve vi\u0161e ostaju iste\u2019: Pismenost odraslih od 2000 god. &#8211; stanovi\u0161te civilnog dru\u0161tva<\/a><\/p>\n\n\n\n<p><a href=\"https:\/\/as.edu.rs\/wp-content\/uploads\/2023\/07\/AS_2015-1_03.pdf\" target=\"_blank\" rel=\"noreferrer noopener\"><strong>Dragan Bulatovi\u0107<\/strong>, The Heritage Studies as the Foundation for the Preservation of Humanities<\/a><\/p>\n\n\n\n<p><a rel=\"noreferrer noopener\" href=\"https:\/\/as.edu.rs\/wp-content\/uploads\/2023\/07\/AS_2015-1_04.pdf\" target=\"_blank\"><strong>Radivoje Kuli\u0107, Sre\u0107ko Mila\u010di\u0107, Igor \u0110uri\u0107<\/strong>, Quality of Human Potential and Economic Growth at the National Level<\/a><\/p>\n\n\n\n<p><a rel=\"noreferrer noopener\" href=\"https:\/\/as.edu.rs\/wp-content\/uploads\/2023\/07\/AS_2015-1_05.pdf\" target=\"_blank\"><strong>Sandra Lee Morrison<\/strong>, Adult Education within a Circular Migration Scheme. A Case Study from New Zealand<\/a><\/p>\n\n\n\n<p><a href=\"https:\/\/as.edu.rs\/wp-content\/uploads\/2023\/07\/AS_2015-1_06.pdf\" target=\"_blank\" rel=\"noreferrer noopener\"><strong>Sabina Jelenc Kra\u0161ovec<\/strong>, Older Adults in Public Open Spaces \u2013 Activities and the Role of Learning<\/a><\/p>\n\n\n\n<p><a href=\"https:\/\/as.edu.rs\/wp-content\/uploads\/2023\/07\/AS_2015-1_07.pdf\" target=\"_blank\" rel=\"noreferrer noopener\"><strong>Jovan Miljkovi\u0107, Marija Schramm<\/strong>, Organisational Subculture and Employee Education<\/a><\/p>\n\n\n\n<p><a href=\"https:\/\/as.edu.rs\/wp-content\/uploads\/2023\/07\/AS_2015-1_08.pdf\" target=\"_blank\" rel=\"noreferrer noopener\"><strong>Marija Miju\u0161kovi\u0107, Sa\u0161a Simovi\u0107<\/strong>, Metacognitive Strategies that Enhance Reading Comprehension in the Foreign Language University Classroom<\/a><\/p>\n\n\n\n<p><a href=\"https:\/\/as.edu.rs\/wp-content\/uploads\/2023\/07\/AS_2015-1_09.pdf\" target=\"_blank\" rel=\"noreferrer noopener\"><strong>Jelena An\u0111elkovi\u0107 Labrovi\u0107, Gordana Milosavljevi\u0107,\u00a0<\/strong>, Possibilities for the Application of the Concept of Personal Learning Environments in E-Learning 2.0<\/a><\/p>\n\n\n\n<p><strong>DOCUMENTS<\/strong><\/p>\n\n\n\n<p><a href=\"https:\/\/as.edu.rs\/wp-content\/uploads\/2023\/07\/AS_2015-1_10.pdf\" target=\"_blank\" rel=\"noreferrer noopener\">Svetski obrazovni forum 2015, In\u010donska deklaracija &#8211; Obrazovanje 2030: Ka inkluzivnom i pravi\u010dnom kvalitetnom obrazovanju i celo\u017eivotnom u\u010denju za sve<\/a><\/p>\n\n\n\n<p><strong>CHRONICLE, REVIEWS, POLEMICS<\/strong><\/p>\n\n\n\n<p><a href=\"https:\/\/as.edu.rs\/wp-content\/uploads\/2023\/07\/AS_2015-1_11.pdf\" target=\"_blank\" rel=\"noreferrer noopener\"><strong>Alan Knox, Jost Reischmann<\/strong>, In Memoriam Du\u0161an Savi\u0107evi\u0107 1926-2015.<\/a><\/p>\n\n\n\n<p><a rel=\"noreferrer noopener\" href=\"https:\/\/as.edu.rs\/wp-content\/uploads\/2023\/07\/AS_2015-1_12.pdf\" target=\"_blank\">European InfoNet Adult Education &#8211; Uwe Gartenschlaeger: Quality and Equality in World Education<\/a><\/p>\n\n\n\n<p><a href=\"https:\/\/as.edu.rs\/wp-content\/uploads\/2023\/07\/AS_2015-1_13.pdf\" target=\"_blank\" rel=\"noreferrer noopener\"><strong>Jovan Miljkovi\u0107,\u00a0<\/strong>Prikaz knjige &#8211; Aleksandra Pejatovi\u0107 i Violeta Orlovi\u0107 Lovren: Zaposlenost i obrazovanje posle pedesete<\/a><br><\/p>","protected":false},"excerpt":{"rendered":"<p>\u010cLANCI Borut Mikulec, Stvaranje politike obrazovanja odraslih iz evropske perspektive Alan Tuckett, Katarina Popovi\u0107, \u2018\u0160to se vi\u0161e stvari menjaju, sve vi\u0161e ostaju iste\u2019: Pismenost odraslih od 2000 god. &#8211; stanovi\u0161te civilnog dru\u0161tva Dragan Bulatovi\u0107, Studije ba\u0161tine kao temelj o\u010duvanja humanisti\u010dkog obrazovanja Radivoje Kuli\u0107, Sre\u0107ko Mila\u010di\u0107, Igor \u0110uri\u0107, Kvalitet ljudskog potencijala i ekonomski razvoj na nacionalnom [&hellip;]<\/p>","protected":false},"author":1,"featured_media":78,"comment_status":"closed","ping_status":"closed","sticky":false,"template":"","format":"standard","meta":{"pagelayer_contact_templates":[],"_pagelayer_content":"","footnotes":""},"categories":[22],"tags":[],"class_list":["post-327","post","type-post","status-publish","format-standard","has-post-thumbnail","hentry","category-22"],"_links":{"self":[{"href":"https:\/\/as.edu.rs\/en\/wp-json\/wp\/v2\/posts\/327","targetHints":{"allow":["GET"]}}],"collection":[{"href":"https:\/\/as.edu.rs\/en\/wp-json\/wp\/v2\/posts"}],"about":[{"href":"https:\/\/as.edu.rs\/en\/wp-json\/wp\/v2\/types\/post"}],"author":[{"embeddable":true,"href":"https:\/\/as.edu.rs\/en\/wp-json\/wp\/v2\/users\/1"}],"replies":[{"embeddable":true,"href":"https:\/\/as.edu.rs\/en\/wp-json\/wp\/v2\/comments?post=327"}],"version-history":[{"count":2,"href":"https:\/\/as.edu.rs\/en\/wp-json\/wp\/v2\/posts\/327\/revisions"}],"predecessor-version":[{"id":343,"href":"https:\/\/as.edu.rs\/en\/wp-json\/wp\/v2\/posts\/327\/revisions\/343"}],"wp:featuredmedia":[{"embeddable":true,"href":"https:\/\/as.edu.rs\/en\/wp-json\/wp\/v2\/media\/78"}],"wp:attachment":[{"href":"https:\/\/as.edu.rs\/en\/wp-json\/wp\/v2\/media?parent=327"}],"wp:term":[{"taxonomy":"category","embeddable":true,"href":"https:\/\/as.edu.rs\/en\/wp-json\/wp\/v2\/categories?post=327"},{"taxonomy":"post_tag","embeddable":true,"href":"https:\/\/as.edu.rs\/en\/wp-json\/wp\/v2\/tags?post=327"}],"curies":[{"name":"wp","href":"https:\/\/api.w.org\/{rel}","templated":true}]}}